{"id":184,"date":"2011-05-17T15:05:15","date_gmt":"2011-05-17T14:05:15","guid":{"rendered":"http:\/\/www.marokratie.de\/?p=184"},"modified":"2011-05-17T15:05:15","modified_gmt":"2011-05-17T14:05:15","slug":"sommerhass-im-fruhling","status":"publish","type":"post","link":"https:\/\/www.marokratie.de\/?p=184","title":{"rendered":"Sommerhass im Fr\u00fchling"},"content":{"rendered":"<p style=\"text-align: justify;\">Zugegeben, bei aktuell 13\u00b0C samt Nieselregen kommt nat\u00fcrlich kein &#8222;Sommerfeeling&#8220; auf, selbst der Fr\u00fchling scheint momentan eine Pause einzlegen, aber das war in den letzten &#8211; tja, zig tausend Jahren ja nicht anders, um wie jedesmal wird dann doch letztlich <a href=\"http:\/\/www.marokratie.de\/?p=59\" target=\"_blank\">der Sommer zuschlagen<\/a>.<\/p>\n<p style=\"text-align: justify;\">Was war das Gejammer im Winter gro\u00df: die frostigen Temperaturen, der Schnee, der <a href=\"http:\/\/www.marokratie.de\/?p=98\" target=\"_blank\">\u00f6ffentliche Nahverkehr<\/a> &#8211; alles durchaus Gr\u00fcnde, \u00fcber welche man hier und da mal ungl\u00fccklich sein kann, doch schon der Philosoph <a href=\"http:\/\/de.lifestyle.yahoo.com\/06082009\/401\/schlimmer-ki-ka-antiheld-bernd-brot-05-09-samstags-11.html\" target=\"_blank\">Bernd Brot<\/a> wusste genau, dass es nicht besser werden wird. Das Zerrupfen der Lichtgestalt zu Guttenberg lie\u00df kurzzeitg die Hoffnung erbl\u00fchen, auch der Niedergang der FDP erfreute den denkenden Menschen, doch das sind Kleinigkeiten im Vergleich zur Katastrophe in Fukushima und zum TV-Programm in der Jahreszeit der kurzen N\u00e4chte. Die Programmmacher wissen ganz genau: an Sommerabenden sitzt der Mensch weniger vor der Glotze, sondern eher im Biergarten, im Schrebergarten, auf dem Balkon oder steht auf einem Open-Air-Konzert, und nat\u00fcrlich wird dann \u00fcber laute, feierfreudige Nachbarn geflucht, \u00fcber laute Musikanlagen, \u00fcber M\u00fccken und Stechviecher mannigfaltiger Art, \u00fcber frische Hundekothaufen auch abends um 10, \u00fcber langsam die Stra\u00dfen entlangtorkelnde und dabei selbstverst\u00e4ndlich gr\u00f6hlende Alkoholkonsumenten, \u00fcber miese Luft in Bussen und Stra\u00dfenbahnen usw. usf. &#8211; tja, der Mensch kann sich immer \u00fcber etwas aufregen. Dies liegt aber weniger am Wetter als vielmehr an der dominanten Spezies unseres Planeten. Fahhraddiebst\u00e4hle nehme im Sommer zu, Kneipenschl\u00e4gereien sowieso, Ruhest\u00f6rungen sind auch h\u00e4ufiger bei 25 Grad \u00fcber Null statt bei 10 Grad unter Null festzustellen &#8211; und woran liegt das? Na am TV-Programm, denn im Sommer, wie die Programmmacher ja ganz genau wissen, laufen in der Glotze ja eh nur Wiederholungen. Das Sommerloch gibt&#8217;s nicht nur in der Politik, sondern auch auf dem Bildschirm &#8211; mit tragischen Folgen! Seit gestern Abend sind mindesten 10 Millionen US-Amerikaner vollkommen fertig mit der Welt, sind desillusioniert, dies liegt am Staffelfinale von &#8222;<a href=\"http:\/\/abc.go.com\/shows\/castle\" target=\"_blank\">Castle<\/a>&#8222;, dessen frustrierender, gemeiner, unmenschlicher Cliffhanger schmerzt wie Sonnenbrand, den man mit hei\u00dfem Tee l\u00f6schen will. Im deutschen TV wird man (mit zweimonatiger Verz\u00f6gerung) zwar mit synchronisierten Folgen versorgt, aber ein echter Castle-Fan \u00e4rgert sich dann eher \u00fcber die teils sehr unpassende Synchro. Wann die vierte Staffel l\u00e4uft, ist noch nicht einmal klar &#8211; a true desaster! Auch &#8222;Bones&#8220; und &#8222;Lie to me&#8220; sind in der Sommerpause, womit auch Millionen deutsche Fans dieser Serien nun fortan zombiehaft versuchen m\u00fcssen, den Sommer zu \u00fcberleben. W\u00fcnschen wir ihnen alle Kraft und alles Gl\u00fcck dieser Welt! Lasst euh nicht h\u00e4ngen, der Herbst wird kommen!<\/p>\n","protected":false},"excerpt":{"rendered":"<p>Zugegeben, bei aktuell 13\u00b0C samt Nieselregen kommt nat\u00fcrlich kein &#8222;Sommerfeeling&#8220; auf, selbst der Fr\u00fchling scheint momentan eine Pause einzlegen, aber das war in den letzten &#8211; tja, zig tausend Jahren <a href=\"https:\/\/www.marokratie.de\/?p=184\" class=\"more-link\">[&hellip;]<\/a><\/p>\n","protected":false},"author":3,"featured_media":0,"comment_status":"closed","ping_status":"closed","sticky":false,"template":"","format":"standard","meta":{"Layout":"","jetpack_post_was_ever_published":false,"_jetpack_newsletter_access":"","_jetpack_dont_email_post_to_subs":false,"_jetpack_newsletter_tier_id":0,"footnotes":"","jetpack_publicize_message":"","jetpack_publicize_feature_enabled":true,"jetpack_social_post_already_shared":false,"jetpack_social_options":{"image_generator_settings":{"template":"highway","enabled":false}}},"categories":[18],"tags":[],"jetpack_publicize_connections":[],"jetpack_sharing_enabled":true,"jetpack_featured_media_url":"","jetpack-related-posts":[],"jetpack_shortlink":"https:\/\/wp.me\/paSuge-2Y","_links":{"self":[{"href":"https:\/\/www.marokratie.de\/index.php?rest_route=\/wp\/v2\/posts\/184"}],"collection":[{"href":"https:\/\/www.marokratie.de\/index.php?rest_route=\/wp\/v2\/posts"}],"about":[{"href":"https:\/\/www.marokratie.de\/index.php?rest_route=\/wp\/v2\/types\/post"}],"author":[{"embeddable":true,"href":"https:\/\/www.marokratie.de\/index.php?rest_route=\/wp\/v2\/users\/3"}],"replies":[{"embeddable":true,"href":"https:\/\/www.marokratie.de\/index.php?rest_route=%2Fwp%2Fv2%2Fcomments&post=184"}],"version-history":[{"count":1,"href":"https:\/\/www.marokratie.de\/index.php?rest_route=\/wp\/v2\/posts\/184\/revisions"}],"predecessor-version":[{"id":185,"href":"https:\/\/www.marokratie.de\/index.php?rest_route=\/wp\/v2\/posts\/184\/revisions\/185"}],"wp:attachment":[{"href":"https:\/\/www.marokratie.de\/index.php?rest_route=%2Fwp%2Fv2%2Fmedia&parent=184"}],"wp:term":[{"taxonomy":"category","embeddable":true,"href":"https:\/\/www.marokratie.de\/index.php?rest_route=%2Fwp%2Fv2%2Fcategories&post=184"},{"taxonomy":"post_tag","embeddable":true,"href":"https:\/\/www.marokratie.de\/index.php?rest_route=%2Fwp%2Fv2%2Ftags&post=184"}],"curies":[{"name":"wp","href":"https:\/\/api.w.org\/{rel}","templated":true}]}}