{"id":186,"date":"2011-06-18T19:50:31","date_gmt":"2011-06-18T18:50:31","guid":{"rendered":"http:\/\/www.marokratie.de\/?p=186"},"modified":"2011-06-18T20:01:57","modified_gmt":"2011-06-18T19:01:57","slug":"kinderfeindliches-deutschland","status":"publish","type":"post","link":"https:\/\/www.marokratie.de\/?p=186","title":{"rendered":"Kinderfeindliches Deutschland"},"content":{"rendered":"<p>Kinder sind auch nur Menschen &#8211; allerdings eben unfertige.<br \/>\nEltern sind auch nur Menschen &#8211; allerdings eher fertig im Sinne von kaputt, groggy, matsch.<\/p>\n<p style=\"text-align: justify;\">Gern wird ja Deutschland als ein kinderfeindliches Land dargestellt, die Reproduktionsquote ist die niedrigste in ganz Europa, knapp schlechter als im katholischen Polen, wo einst zum Besuche Papst Benedikt XVI Kondom- und Tamponwerbung entfernt wurde, die Betreuungsquote in den Kitas ist mau, die Einrichtungen gehen am finanziellen Kr\u00fcckstock, Erzieher sind schlecht bezahlte, stets kurz vor dem Burnout stehende Idealisten, Lehrer gehen fr\u00fcher in Rente als Stra\u00dfenbauarbeiter oder Unfallchirurgen, und sollte irgendwo ein neuer Spielplatz geplant sein, k\u00f6nnen Sie mit Sicherheit davon ausgehen, dass die Proteste nicht lange auf sich warten lassen. Schuld sind immer die Kinder, denn die schreien und heulen ja permanent rum, werfen sich auf den Boden des Supermarktes, wenn sie kein \u00dc-Ei bekommen, haben immer was zu motzen, speziell wenn sie vor Mitternacht in Bett sollen und es nicht jeden Tag Pizza, Pommes, McIrgendwas und ein neues Handy gibt &#8230;<\/p>\n<p style=\"text-align: justify;\">Samstag mittags den \u00d6PNV zu nutzen, birgt ein gewisses Risiko, nicht etwa Rentner oder Schulkinder aber sind das Problem, sondern Kinderw\u00e4gen! Ja,\u00a0 auch die Transportmittel der nervigen Blagen sind schon Grund genug, an die Decke zu gehen.\u00a0 Das gro\u00dfe Einkaufszentrum auf der Gr\u00fcnen Wiese ist nur via Bus zu erreichen, selbiger weist mittig einen Stellplatz f\u00fcr zwo Kinderw\u00e4gen auf &#8211; was glauben Sie, was passiert, wenn dieser Platz tats\u00e4chlich mal daf\u00fcr genutzt wird, wof\u00fcr er angedacht ist? Sie denken jetzt: &#8222;Naja, nix?&#8220; &#8211; Sie haben Unrecht! Fr\u00fchen waren Kinderw\u00e4gen funktionale Transportmittel, sie nahmen das Kind auf, vll. noch einen Beutel Eink\u00e4ufe, heute sind es Hightech-Monster, die gr\u00f6\u00dfer sind als ein Smart, schwerer als ein Sumoringer, komfortabler als ein alter Maybach. Deswegen nehmen sie mehr Platz ein, als es die Ingenieure vor Jahren, als der Mercedes-Bus gebaut wurde, es errechnet hatten.\u00a0 Deshalb nun wiederum wird es eng in der Mitte des Busses, doch statt die jungen M\u00fctter zu fragen, ob sie sich mal kurz d\u00fcnnmachen w\u00fcrden, statt sich an den W\u00e4gen vorbeizuschl\u00e4ngeln, tendiert der arme \u00d6PNV-Gast dazu, murrend,\u00a0 knurrend, sardinendosenartig zu verharren und sich bis zum Ausstiege innerlich dar\u00fcber aufzuregen, was es doch f\u00fcr eine Schweinerei mit dem Platz sei, um dann am Zielort b\u00f6se Blicke zu werfen und einem entspannt den Kl\u00e4ngen von Tunnel Trance lauschenden, gerade auf dem Wege zur neuen Laser-Maus befindlichen Politologen das Leid von der Ungerechtigkeit der Welt zu klagen. Dass eben dieser Politologe sich die ganzen, uuuuuunendlichen langen 9 Minuten k\u00f6stlich am\u00fcsierte und nur mit M\u00fch&#8216; nicht in ein Lachen ausbrach, weil er den Slapstick, die Realsatire der gebotenen Unf\u00e4higkeit zu einer gescheiten Kommunikation kaum glauben konnte, wurde nat\u00fcrlich nicht wahrgenommen, und als er sich dann kopfsch\u00fcttelnd abwendet, wird dies als doppelte Ungerechtigkeit empfunden.<\/p>\n<p style=\"text-align: justify;\">Ich frage mich auch jetzt noch, wie es dazu kam, dass im Heck des Busses ein Dutzend Pl\u00e4tze vakant blieben, obwohl nur zwo junge M\u00fctter samt Kinderw\u00e4gen im Wege zum geruhsamen Platz standen. Ist es zu viel erwartet, dass die M\u00fctter kurz B\u00e4uche und Br\u00fcste einziehen? Dass sie mit dem Einladen der Kinderw\u00e4gen vll. eine halbe Minuten warten, damit die anderen Fahrg\u00e4ste bis zu den hinteren Sitzreihen vordringen k\u00f6nnen? Dass die stehenden Fahrg\u00e4ste simpel und zeitsparend um eine kleine Kooperation bei der Passage bitten? Dass jene, die eine 2er-Sitzbank mit Rucksack oder Handtasche in G\u00e4nze okkupieren, das Anh\u00e4ngsel auf ihren Scho\u00df nehmen, um somit einen Sitzplatz freizugeben? Dass der Fahrer eine kleine Durchsage macht?<\/p>\n<p style=\"text-align: justify;\">Es ist nicht die Aversion gegen die unfertigen Menschen, es ist die Aversion gegen die fertigen Menschen, die daf\u00fcr sorgt, dass Deutschland so kinderfeindlich erscheint.\u00a0 Fertig sind die Menschen &#8211; allein mit den Nerven. Nicht ob schreiender Kinder, sondern ob der Tatsache, dass deren Eltern nicht bef\u00e4higt sind, den Kindern ein gescheites Verhalten zu lehren, auch und vor allem weil sie es selbst nie gelernt haben. Die Quote der unentdecken Genies steigt ins Unermessliche, Schuld sind stets die anderen, die eigenen Kinder aber sind &#8222;gut gelungen, nur ein bisschen faul und vielleicht ein bisschen wild&#8220;. Potenzial gibt&#8217;s immer unendlich viel, aber die Kinderfeindlichkeit hier in Deutschland verhindert halt alles &#8230; und immer &#8230; und so &#8230; und \u00fcberhaupt &#8230; und vor allem &#8230;<\/p>\n<p style=\"text-align: justify;\">Guten Morgen B\u00fcrger, wem willst Du heute in den Podex treten? Trittst Du noch oder denkst Du schon? Wann wirst Du einsehen, dass es keine Kinderfeindlichkeit, sondern eine simple Menschenfeindlichkeit gibt?<\/p>\n<p style=\"text-align: justify;\">Sie denken, die Erde k\u00f6nnte in 20 oder 30 Jahren massiv an einer \u00dcberbev\u00f6lkerung leiden? Wenn Sie bei dieser Meinung bleiben wollen, meiden Sie den \u00d6PNV!<\/p>\n","protected":false},"excerpt":{"rendered":"<p>Kinder sind auch nur Menschen &#8211; allerdings eben unfertige. Eltern sind auch nur Menschen &#8211; allerdings eher fertig im Sinne von kaputt, groggy, matsch. Gern wird ja Deutschland als ein <a href=\"https:\/\/www.marokratie.de\/?p=186\" class=\"more-link\">[&hellip;]<\/a><\/p>\n","protected":false},"author":3,"featured_media":0,"comment_status":"closed","ping_status":"closed","sticky":false,"template":"","format":"standard","meta":{"Layout":"","jetpack_post_was_ever_published":false,"_jetpack_newsletter_access":"","_jetpack_dont_email_post_to_subs":false,"_jetpack_newsletter_tier_id":0,"footnotes":"","jetpack_publicize_message":"","jetpack_publicize_feature_enabled":true,"jetpack_social_post_already_shared":false,"jetpack_social_options":{"image_generator_settings":{"template":"highway","enabled":false}}},"categories":[28],"tags":[47,48,49],"jetpack_publicize_connections":[],"jetpack_sharing_enabled":true,"jetpack_featured_media_url":"","jetpack-related-posts":[],"jetpack_shortlink":"https:\/\/wp.me\/paSuge-30","_links":{"self":[{"href":"https:\/\/www.marokratie.de\/index.php?rest_route=\/wp\/v2\/posts\/186"}],"collection":[{"href":"https:\/\/www.marokratie.de\/index.php?rest_route=\/wp\/v2\/posts"}],"about":[{"href":"https:\/\/www.marokratie.de\/index.php?rest_route=\/wp\/v2\/types\/post"}],"author":[{"embeddable":true,"href":"https:\/\/www.marokratie.de\/index.php?rest_route=\/wp\/v2\/users\/3"}],"replies":[{"embeddable":true,"href":"https:\/\/www.marokratie.de\/index.php?rest_route=%2Fwp%2Fv2%2Fcomments&post=186"}],"version-history":[{"count":4,"href":"https:\/\/www.marokratie.de\/index.php?rest_route=\/wp\/v2\/posts\/186\/revisions"}],"predecessor-version":[{"id":189,"href":"https:\/\/www.marokratie.de\/index.php?rest_route=\/wp\/v2\/posts\/186\/revisions\/189"}],"wp:attachment":[{"href":"https:\/\/www.marokratie.de\/index.php?rest_route=%2Fwp%2Fv2%2Fmedia&parent=186"}],"wp:term":[{"taxonomy":"category","embeddable":true,"href":"https:\/\/www.marokratie.de\/index.php?rest_route=%2Fwp%2Fv2%2Fcategories&post=186"},{"taxonomy":"post_tag","embeddable":true,"href":"https:\/\/www.marokratie.de\/index.php?rest_route=%2Fwp%2Fv2%2Ftags&post=186"}],"curies":[{"name":"wp","href":"https:\/\/api.w.org\/{rel}","templated":true}]}}